[{"@context":"https:\/\/schema.org\/","@type":"Article","@id":"https:\/\/www.kexik.sk\/moje-dieta-ide-do-skolky\/#Article","mainEntityOfPage":"https:\/\/www.kexik.sk\/moje-dieta-ide-do-skolky\/","headline":"Moje die\u0165a ide do \u0161k\u00f4lky","name":"Moje die\u0165a ide do \u0161k\u00f4lky","description":"Pokia\u013e sa rozhodnete a svoje die\u0165a zap\u00ed\u0161ete na n\u00e1stup do materskej \u0161koly, urob\u00edte v\u00fdznamn\u00fd krok nielen vo svojom \u017eivote ale najm\u00e4 v \u017eivote V\u00e1\u0161ho die\u0165a\u0165a. Pri tomto rozhodovan\u00ed \u010di do<a href=\"https:\/\/www.kexik.sk\/moje-dieta-ide-do-skolky\/\" class=\"d-block breadmore\">Read More<\/a>\n","datePublished":"2019-07-19","dateModified":"2019-07-19","author":{"@type":"Person","@id":"https:\/\/www.kexik.sk\/author\/#Person","name":"","url":"https:\/\/www.kexik.sk\/author\/","identifier":1,"image":{"@type":"ImageObject","@id":"https:\/\/secure.gravatar.com\/avatar\/06eaac2906ebd8f5abb4917f3140de1503ec690466d6a69c4ec202bf5b15537c?s=96&d=mm&r=g","url":"https:\/\/secure.gravatar.com\/avatar\/06eaac2906ebd8f5abb4917f3140de1503ec690466d6a69c4ec202bf5b15537c?s=96&d=mm&r=g","height":96,"width":96}},"publisher":{"@type":"Organization","name":"kexik.sk","logo":{"@type":"ImageObject","@id":"\/logo.png","url":"\/logo.png","width":600,"height":60}},"image":{"@type":"ImageObject","@id":"https:\/\/www.kexik.sk\/wp-content\/uploads\/img_a304701_w16613_t1565889287.jpg","url":"https:\/\/www.kexik.sk\/wp-content\/uploads\/img_a304701_w16613_t1565889287.jpg","height":0,"width":0},"url":"https:\/\/www.kexik.sk\/moje-dieta-ide-do-skolky\/","wordCount":508,"articleBody":"Pokia\u013e sa rozhodnete a svoje die\u0165a zap\u00ed\u0161ete na n\u00e1stup do materskej \u0161koly, urob\u00edte v\u00fdznamn\u00fd krok nielen vo svojom \u017eivote ale najm\u00e4 v \u017eivote V\u00e1\u0161ho die\u0165a\u0165a. Pri tomto rozhodovan\u00ed \u010di do \u0161k\u00f4lky, alebo zostane doma bu\u010f so star\u00fdm rodi\u010dom alebo s Vami, sa kladie d\u00f4raz najm\u00e4 na potreby V\u00e1\u0161ho die\u0165a\u0165a. Treba si uvedomi\u0165, \u017ee n\u00e1stupom do \u0161k\u00f4lky die\u0165a z\u00edskava mnoho. Spozn\u00e1va nov\u00e9 detsk\u00e9 tv\u00e1ri\u010dky, nadv\u00e4zuje prv\u00e9 kontakty a vytv\u00e1ra si nov\u00e9 priate\u013estv\u00e1. Nau\u010d\u00ed sa samostatnosti, roz\u0161iruje svoje vedomosti a u\u010d\u00ed sa nov\u00fdm veciam. Samozrejme ako pri v\u0161etkom, aj t\u00fa b\u00fdvaj\u00fa za\u010diatky niekedy \u013eah\u0161ie inokedy \u0165a\u017e\u0161ie. Stret\u00e1vame sa v\u0161ak aj s tak\u00fdmi pr\u00edpadmi, kedy rodi\u010dia zn\u00e1\u0161aj\u00fa odl\u00fa\u010denie od die\u0165a\u0165a hor\u0161ie ako samotn\u00e9 die\u0165a. Vtedy db\u00e1me najm\u00e4 na to, aby sme svoj sm\u00fatok a em\u00f3cie nepren\u00e1\u0161ali na die\u0165a. U det\u00ed, ktor\u00e9 si \u0165a\u017e\u0161ie zvykaj\u00fa na nov\u00e9 prostredie a kolekt\u00edv, sa mus\u00edme obrni\u0165 hlavne trpezlivos\u0165ou a pevnou v\u00f4\u013eou. Nesmieme pripusti\u0165 aby n\u00e1s die\u0165a citovo vydieralo a dostalo do \u00fazkych alebo s nami vyjedn\u00e1valo. Po p\u00e1r t\u00fd\u017ed\u0148och ako sa za\u010dlen\u00ed do kolekt\u00edvu a spozn\u00e1 prostredie, zvykne si a po\u010diato\u010dn\u00e9 stavy bud\u00fa zabudnut\u00e9. V \u0161k\u00f4lke v\u0161ak okrem nov\u00e9ho poznania na na\u0161e die\u0165a \u010d\u00edhaj\u00fa aj in\u00e9 n\u00e1strahy. Pr\u00edchodom do nov\u00e9ho prostredia sa m\u00f4\u017eete zo za\u010diatku stret\u00e1va\u0165 s \u010dast\u00fdmi zdravotn\u00fdmi probl\u00e9mami. Pokia\u013e die\u0165a nem\u00e1 vybudovan\u00fa siln\u00fa imunitu, \u0165a\u017e\u0161ie bude prech\u00e1dza\u0165 t\u00fdmto obdob\u00edm. A pr\u00e1ve z toho maj\u00fa mnoh\u00ed rodi\u010dia obavy. \u010co ak bude moje die\u0165a b\u00fdva\u0165 \u010dasto chor\u00e9? Budem s n\u00edm m\u00f4c\u0165 zosta\u0165 doma? A in\u00e9 ot\u00e1zky si kladie ve\u013ea rodi\u010dov. Ale dobr\u00e1 spr\u00e1va je, \u017ee \u010dasom ke\u010f si die\u0165a vybuduje imunitu bude odoln\u00e9 vo\u010di v\u00edrusom ale aj sopl\u00edkom, s ktor\u00fdmi sa v \u0161k\u00f4lke \u010dasto stret\u00e1vame. Imunitu podporujeme aj doma, \u010dast\u00fdm pobytom na \u010derstvom vzduchu, dostato\u010dn\u00fdm z\u00e1soben\u00edm vitam\u00ednov prirodzenou formou v strave ale hlavne nevytv\u00e1ran\u00edm okolo die\u0165a\u0165a ak\u00fasi bublinu,ktor\u00e1 ho m\u00e1 \u201echr\u00e1ni\u0165\u201c pred vonkaj\u0161\u00edm prirodzen\u00fdm okol\u00edm. Pr\u00e1ve prehnanou hygienou a dezinfekciou v\u0161etk\u00e9ho okolo neho, mu nar\u00fa\u0161ame prirodzen\u00fa obranyschopnos\u0165 a telo si nedok\u00e1\u017ee vybudova\u0165 imunitu na be\u017en\u00e9 ochorenia. Ve\u013ekou v\u00fdhodou n\u00e1v\u0161tevy materskej \u0161koly je hlavne to, ako sa die\u0165a prirodzene nau\u010d\u00ed samostatnosti pri stolovan\u00ed, hran\u00ed, ale aj pri be\u017en\u00fdch hygienick\u00fdch \u00fakonoch \u010di obliekan\u00ed. Toto v\u0161etko s\u00fa drobn\u00e9 radosti pre rodi\u010dov, ale obrovsk\u00e9 kroky vpred pre na\u0161e deti. Preto h\u013eadajte pri rozhodovan\u00ed predov\u0161etk\u00fdm plusy, ktor\u00e9 z\u00edska na\u0161e die\u0165a do \u017eivota.                                                                                                                                                                                                                                                                                                                                                                                                "},{"@context":"https:\/\/schema.org\/","@type":"BreadcrumbList","itemListElement":[{"@type":"ListItem","position":1,"name":"Moje die\u0165a ide do \u0161k\u00f4lky","item":"https:\/\/www.kexik.sk\/moje-dieta-ide-do-skolky\/#breadcrumbitem"}]}]