[{"@context":"https:\/\/schema.org\/","@type":"Article","@id":"https:\/\/www.kexik.sk\/caro-tuheho-samponu\/#Article","mainEntityOfPage":"https:\/\/www.kexik.sk\/caro-tuheho-samponu\/","headline":"\u010caro tuh\u00e9ho \u0161amp\u00f3nu","name":"\u010caro tuh\u00e9ho \u0161amp\u00f3nu","description":"Tuh\u00e9 mydl\u00e1 u\u017e dlh\u00e9 desa\u0165ro\u010dia \u010di aj st\u00e1ro\u010dia isto pozn\u00e1te aj vy. Po\u010duli ste v\u0161ak u\u017e o perfektnom a ob\u013e\u00fabenom tuhom \u0161amp\u00f3ne na vlasy? Ako existuj\u00fa tuh\u00e9 mydl\u00e1, aj na<a href=\"https:\/\/www.kexik.sk\/caro-tuheho-samponu\/\" class=\"d-block breadmore\">Read More<\/a>\n","datePublished":"2025-01-10","dateModified":"2025-01-10","author":{"@type":"Person","@id":"https:\/\/www.kexik.sk\/author\/#Person","name":"","url":"https:\/\/www.kexik.sk\/author\/","identifier":1,"image":{"@type":"ImageObject","@id":"https:\/\/secure.gravatar.com\/avatar\/06eaac2906ebd8f5abb4917f3140de1503ec690466d6a69c4ec202bf5b15537c?s=96&d=mm&r=g","url":"https:\/\/secure.gravatar.com\/avatar\/06eaac2906ebd8f5abb4917f3140de1503ec690466d6a69c4ec202bf5b15537c?s=96&d=mm&r=g","height":96,"width":96}},"publisher":{"@type":"Organization","name":"kexik.sk","logo":{"@type":"ImageObject","@id":"\/logo.png","url":"\/logo.png","width":600,"height":60}},"image":{"@type":"ImageObject","@id":"https:\/\/www.kexik.sk\/wp-content\/uploads\/wellness-3666624_640_10_5.jpg","url":"https:\/\/www.kexik.sk\/wp-content\/uploads\/wellness-3666624_640_10_5.jpg","height":0,"width":0},"url":"https:\/\/www.kexik.sk\/caro-tuheho-samponu\/","about":["Web"],"wordCount":403,"articleBody":"   Tuh\u00e9 mydl\u00e1 u\u017e dlh\u00e9 desa\u0165ro\u010dia \u010di aj st\u00e1ro\u010dia isto pozn\u00e1te aj vy. Po\u010duli ste v\u0161ak u\u017e o perfektnom a ob\u013e\u00fabenom tuhom \u0161amp\u00f3ne na vlasy? Ako existuj\u00fa tuh\u00e9 mydl\u00e1, aj na va\u0161e vlasy si m\u00f4\u017eete pou\u017ei\u0165 tuh\u00fd \u0161amp\u00f3n. Ako na to a v \u010dom s\u00fa jeho v\u00fdnimo\u010dn\u00e9 \u00fa\u010dinky? Chcete zbavi\u0165 poko\u017eku hlavy od svrbenia alebo od lup\u00edn? Dodajte svojim vlasom svie\u017eos\u0165 pr\u00e1ve s pou\u017eit\u00edm tuh\u00e9ho \u0161amp\u00f3nu. Ke\u010f si idete um\u00fdva\u0165 vlasy tuh\u00fdm \u0161amp\u00f3nom, mus\u00edte vlasy roz\u010desa\u0165. Roz\u010desan\u00e9 vlasy sa pri um\u00fdvan\u00ed nezamotaj\u00fa. Z tuh\u00e9ho \u0161amp\u00f3nu sa vytvor\u00ed pena, ktor\u00e1 by sa mala dosta\u0165 aj na povrch poko\u017eky a d\u00f4kladne zmy\u0165 v\u0161etky ne\u010distoty na hlave.Tuh\u00fd \u0161amp\u00f3n nikdy nevysu\u0161uje vlasy. Naopak, dod\u00e1va vlasom spr\u00e1vny lesk a svie\u017eos\u0165. Um\u00fdvanie vlasov bude jemn\u00e9 a \u0161etrn\u00e9 k va\u0161ej poko\u017eke. Tuh\u00fd \u0161amp\u00f3n je naj\u010dastej\u0161ie zabalen\u00fd do malej krabi\u010dky, \u010do je ve\u013emi ekologick\u00e9. Tak\u00e9to mal\u00e9 balenie je vhodn\u00e9 aj na cestovanie, preto\u017ee v\u00e1m nezaberie ve\u013ea \u00falo\u017en\u00e9ho priestoru vo va\u0161ej bato\u017eine. Tuh\u00fd \u0161amp\u00f3n sa nepova\u017euje za tekutinu a je vhodn\u00fd na zabalenie aj do pr\u00edru\u010dnej bato\u017einy. Pri v\u00fdbere tuh\u00e9ho \u0161amp\u00f3nu myslite na to, ak\u00fa poko\u017eku hlavy m\u00e1te a ak\u00fd typ vlasov m\u00e1te. Na trhu n\u00e1jdete tuh\u00e9 \u0161amp\u00f3ny na mastn\u00e9 vlasy, such\u00e9 vlasy, norm\u00e1lne alebo aj krehk\u00e9 vlasy. Taktie\u017e sa objavuj\u00fa \u0161amp\u00f3ny aj na ku\u010derav\u00e9 vlasy alebo rovn\u00e9 \u010di kr\u00e1tke. T\u00fa\u017eite po regenerovan\u00fdch vlasoch, hydratovan\u00fdch alebo hladk\u00fdch? Taktie\u017e n\u00e1jdete aj univerz\u00e1lny tuh\u00fd \u0161amp\u00f3n na vlasy. Je vhodn\u00fd pre v\u0161etky typy vlasov. Obsahuje len veg\u00e1nske a pr\u00edrodn\u00e9 l\u00e1tky, ktor\u00e9 va\u0161e vlasy a poko\u017eku hlavy upokojuj\u00fa a dod\u00e1vaj\u00fa vlasom potrebn\u00fd lesk. Ak m\u00e1te ve\u013emi citliv\u00fa poko\u017eku hlavy, ur\u010dite by ste si mali vybra\u0165 tuh\u00fd \u0161amp\u00f3n. Nebude v\u00e1m dr\u00e1\u017edi\u0165 poko\u017eku, \u010do ur\u010dite ve\u013emi ocen\u00edte. Tuh\u00fd \u0161amp\u00f3n sa stane neoddelite\u013enou s\u00fa\u010das\u0165ou v\u00e1\u0161ho pravideln\u00e9ho hygienick\u00e9ho ritu\u00e1lu. Udr\u017eujte svoje vlasy v \u010distote a doprajte im potrebn\u00fa hydrat\u00e1ciu a lesk.                                                                                                                                                                                                                                                                                                                                                                                                  "},{"@context":"https:\/\/schema.org\/","@type":"BreadcrumbList","itemListElement":[{"@type":"ListItem","position":1,"name":"\u010caro tuh\u00e9ho \u0161amp\u00f3nu","item":"https:\/\/www.kexik.sk\/caro-tuheho-samponu\/#breadcrumbitem"}]}]